{"id":5217,"__str__":"Mo\u00e7\u00e3o n\u00ba 20 de 2015","link_detail_backend":"/materia/5217","metadata":{},"numero":20,"ano":2015,"numero_protocolo":null,"data_apresentacao":"2015-05-18","tipo_apresentacao":"E","data_publicacao":null,"numero_origem_externa":"","ano_origem_externa":null,"data_origem_externa":null,"apelido":"","dias_prazo":null,"data_fim_prazo":null,"em_tramitacao":true,"polemica":false,"objeto":"","complementar":false,"ementa":"OS VEREADORES QUE ESTA SUBSCREVEM, PROP\u00d5EM OUVIDO O PLEN\u00c1RIO NA FORMA REGIMENTAL, MANIFESTA\u00c7\u00c3O DE APLAUSO \u00c0  ASSOCIA\u00c7\u00c3O DE PAIS E AMIGOS DOS EXCEPCIONAIS - APAE PELOS 30 ANOS DE CRIA\u00c7\u00c3O E EXCELENTE TRABALHO COM O INTUITO DE PROMOVER A MELHORIA DA QUALIDADE DE VIDA DAS PESSOAS ESPECIAIS, PREFERENCIALMENTE INTELECTUAL E M\u00daLTIPLA, BUSCANDO ASSEGURAR-LHES O PLENO EXERC\u00cdCIO DA CIDADANIA. ","indexacao":"","observacao":"","resultado":"","texto_original":"http://sapl.timoteo.mg.leg.br/media/sapl/public/materialegislativa/2015/5217/5217_texto_integral.odt","data_ultima_atualizacao":"2019-05-20T14:11:52.381635-03:00","ip":"","ultima_edicao":null,"tipo":8,"regime_tramitacao":1,"tipo_origem_externa":null,"local_origem_externa":null,"user":null,"anexadas":[],"autores":[151]}