{"id":6984,"__str__":"Mo\u00e7\u00e3o n\u00ba 8 de 2020","link_detail_backend":"/materia/6984","metadata":{},"numero":8,"ano":2020,"numero_protocolo":null,"data_apresentacao":"2020-02-06","tipo_apresentacao":"E","data_publicacao":null,"numero_origem_externa":"","ano_origem_externa":null,"data_origem_externa":null,"apelido":"","dias_prazo":null,"data_fim_prazo":null,"em_tramitacao":true,"polemica":false,"objeto":"","complementar":false,"ementa":"O Vereador que esta subscreve, prop\u00f5e ouvido o Plen\u00e1rio na forma regimental, manifesta\u00e7\u00e3o de aplausos  ao Senhor AR\u00cdSTENES GIOVANNI GUIMAR\u00c3ES DE MENEZES, Subsecret\u00e1rio de Habita\u00e7\u00e3o e Defesa Social do Munic\u00edpio de Tim\u00f3teo, por ter atuado com disposi\u00e7\u00e3o, determina\u00e7\u00e3o, for\u00e7a e responsabilidade junto a toda sua equipe nas a\u00e7\u00f5es que foram determinantes no apoio \u00e0s fam\u00edlias atingidas pela enchente que assolou o Munic\u00edpio em janeiro deste ano.","indexacao":"Aplausos, Ar\u00edstenes, subsecret\u00e1rio, habita\u00e7\u00e3o, trabalho, chuvas, enchente","observacao":"","resultado":"","texto_original":null,"data_ultima_atualizacao":"2020-02-11T16:19:27.493829-03:00","ip":"189.76.224.126","ultima_edicao":null,"tipo":8,"regime_tramitacao":1,"tipo_origem_externa":null,"local_origem_externa":null,"user":65,"anexadas":[],"autores":[211]}