{"id":9055,"__str__":"Projeto de Lei n\u00ba 4597 de 2024","link_detail_backend":"/materia/9055","metadata":{},"numero":4597,"ano":2024,"numero_protocolo":null,"data_apresentacao":"2024-06-29","tipo_apresentacao":"","data_publicacao":null,"numero_origem_externa":"","ano_origem_externa":null,"data_origem_externa":null,"apelido":"","dias_prazo":null,"data_fim_prazo":null,"em_tramitacao":true,"polemica":false,"objeto":"","complementar":false,"ementa":"Cria a categoria de \"atleta com defici\u00eancia\", de crian\u00e7as e de adolescentes nas corridas de rua realizadas pelo Poder P\u00fablico no Munic\u00edpio de Tim\u00f3teo e d\u00e1 outras provid\u00eancias.","indexacao":"Cria, categoria, atleta, defici\u00eancia,  crian\u00e7as, adolescentes, corridas  rua","observacao":"","resultado":"","texto_original":"http://sapl.timoteo.mg.leg.br/media/sapl/public/materialegislativa/2024/9055/4.597_-__cria_a_categoria_de_22atleta_com_deficiencia22.pdf","data_ultima_atualizacao":"2024-08-12T16:22:00.276846-03:00","ip":"131.161.92.110","ultima_edicao":"2024-06-24T13:17:49.688059-03:00","tipo":1,"regime_tramitacao":1,"tipo_origem_externa":null,"local_origem_externa":null,"user":65,"anexadas":[],"autores":[204]}