{"id":9078,"__str__":"Projeto de Lei n\u00ba 4601 de 2024","link_detail_backend":"/materia/9078","metadata":{},"numero":4601,"ano":2024,"numero_protocolo":null,"data_apresentacao":"2024-07-04","tipo_apresentacao":"","data_publicacao":null,"numero_origem_externa":"","ano_origem_externa":null,"data_origem_externa":null,"apelido":"","dias_prazo":null,"data_fim_prazo":null,"em_tramitacao":true,"polemica":false,"objeto":"","complementar":false,"ementa":"Disp\u00f5e sobre o prazo de validade do laudo m\u00e9dico pericial que atesta o Transtorno do Espectro Autista (TEA), Mal de Alzheimer e Doen\u00e7a de Parkinson no Munic\u00edpio de Tim\u00f3teo.","indexacao":"prazo, validade, laudo, m\u00e9dico, pericial,  Transtorno, Espectro, Autista, (TEA), Mal, Alzheimer, Doen\u00e7a,  Parkinson","observacao":"","resultado":"","texto_original":"http://sapl.timoteo.mg.leg.br/media/sapl/public/materialegislativa/2024/9078/4.601_-__prazo_de_validade_do_laudo_medico_pericial.pdf","data_ultima_atualizacao":"2024-08-12T16:20:30.782344-03:00","ip":"131.161.92.110","ultima_edicao":"2024-07-09T16:58:35.047757-03:00","tipo":1,"regime_tramitacao":1,"tipo_origem_externa":null,"local_origem_externa":null,"user":65,"anexadas":[],"autores":[186,223]}