{"id":9278,"__str__":"Projeto de Lei n\u00ba 4631 de 2025","link_detail_backend":"/materia/9278","metadata":{},"numero":4631,"ano":2025,"numero_protocolo":null,"data_apresentacao":"2025-02-06","tipo_apresentacao":"","data_publicacao":null,"numero_origem_externa":"","ano_origem_externa":null,"data_origem_externa":null,"apelido":"","dias_prazo":null,"data_fim_prazo":null,"em_tramitacao":true,"polemica":false,"objeto":"","complementar":false,"ementa":"Disp\u00f5e sobre a institui\u00e7\u00e3o do Dia da M\u00e3e At\u00edpica no Munic\u00edpio de Tim\u00f3teo e d\u00e1 outras provid\u00eancias.","indexacao":"institui\u00e7\u00e3o, dia,m\u00e3e, at\u00edpica, munic\u00edpio","observacao":"","resultado":"","texto_original":"http://sapl.timoteo.mg.leg.br/media/sapl/public/materialegislativa/2025/9278/4.631_-_lair_-_dia_da_mae_atipica.pdf","data_ultima_atualizacao":"2025-03-21T17:55:27.609609-03:00","ip":"131.161.92.110","ultima_edicao":"2025-02-10T13:04:34.239353-03:00","tipo":1,"regime_tramitacao":1,"tipo_origem_externa":null,"local_origem_externa":null,"user":65,"anexadas":[],"autores":[244]}