{"id":9342,"__str__":"Requerimento n\u00ba 31 de 2025","link_detail_backend":"/materia/9342","metadata":{},"numero":31,"ano":2025,"numero_protocolo":null,"data_apresentacao":"2025-03-20","tipo_apresentacao":"E","data_publicacao":null,"numero_origem_externa":"","ano_origem_externa":null,"data_origem_externa":null,"apelido":"","dias_prazo":null,"data_fim_prazo":null,"em_tramitacao":true,"polemica":false,"objeto":"","complementar":false,"ementa":"INFORMA\u00c7\u00d5ES SOBRE QUADRO DE FUNCION\u00c1RIOS DAS CRECHES","indexacao":"","observacao":"","resultado":"","texto_original":"http://sapl.timoteo.mg.leg.br/media/sapl/public/materialegislativa/2025/9342/031_-_thiago_-_informacoes_sobre_quadro_de_funcionarios_das_creches.doc","data_ultima_atualizacao":"2025-03-20T14:56:43.200124-03:00","ip":"131.161.92.110","ultima_edicao":"2025-03-20T14:55:05.291329-03:00","tipo":4,"regime_tramitacao":1,"tipo_origem_externa":null,"local_origem_externa":null,"user":65,"anexadas":[],"autores":[222]}