{"id":9447,"__str__":"Projeto de Resolu\u00e7\u00e3o n\u00ba 555 de 2025","link_detail_backend":"/materia/9447","metadata":{},"numero":555,"ano":2025,"numero_protocolo":null,"data_apresentacao":"2025-06-05","tipo_apresentacao":"","data_publicacao":null,"numero_origem_externa":"","ano_origem_externa":null,"data_origem_externa":null,"apelido":"","dias_prazo":null,"data_fim_prazo":null,"em_tramitacao":true,"polemica":false,"objeto":"","complementar":false,"ementa":"Altera o Anexo IV \u00e0 Resolu\u00e7\u00e3o n\u00ba 366, de 23 de setembro de 2015, que \u201cDisp\u00f5e sobre o Quadro de Pessoal da C\u00e2mara Municipal de Tim\u00f3teo e d\u00e1 outras provid\u00eancias\u201d.","indexacao":"Altera, Anexo, Resolu\u00e7\u00e3o, Quadro, Pessoal, C\u00e2mara, Municipal, Tim\u00f3teo","observacao":"","resultado":"","texto_original":"http://sapl.timoteo.mg.leg.br/media/sapl/public/materialegislativa/2025/9447/555_-_reforma_iii.docx.pdf","data_ultima_atualizacao":"2025-07-21T13:59:18.969708-03:00","ip":"131.161.92.110","ultima_edicao":"2025-06-06T16:45:12.125028-03:00","tipo":3,"regime_tramitacao":1,"tipo_origem_externa":null,"local_origem_externa":null,"user":65,"anexadas":[],"autores":[124]}