{"id":9502,"__str__":"Projeto de Lei n\u00ba 4672 de 2025","link_detail_backend":"/materia/9502","metadata":{},"numero":4672,"ano":2025,"numero_protocolo":null,"data_apresentacao":"2025-06-24","tipo_apresentacao":"","data_publicacao":null,"numero_origem_externa":"","ano_origem_externa":null,"data_origem_externa":null,"apelido":"","dias_prazo":null,"data_fim_prazo":null,"em_tramitacao":true,"polemica":false,"objeto":"","complementar":false,"ementa":"Disp\u00f5e sobre \u201cpresta\u00e7\u00e3o de aux\u00edlio \u00e0s pessoas com defici\u00eancia e/ou mobilidade reduzida nos supermercados e estabelecimentos cong\u00eaneres\u201d  e d\u00e1 outras provid\u00eancias.","indexacao":"aux\u00edlio,  pessoas, defici\u00eancia, mobilidade, reduzida, supermercados, estabelecimentos, cong\u00eaneres.","observacao":"","resultado":"","texto_original":"http://sapl.timoteo.mg.leg.br/media/sapl/public/materialegislativa/2025/9502/4.672_-_auxilio_pessoas_com_deficiencia.docx.pdf","data_ultima_atualizacao":"2025-11-18T13:44:19.248181-03:00","ip":"131.161.92.110","ultima_edicao":"2025-06-26T12:55:09.974783-03:00","tipo":1,"regime_tramitacao":1,"tipo_origem_externa":null,"local_origem_externa":null,"user":65,"anexadas":[],"autores":[249,247]}