{"id":9594,"__str__":"Projeto de Lei n\u00ba 4689 de 2025","link_detail_backend":"/materia/9594","metadata":{},"numero":4689,"ano":2025,"numero_protocolo":null,"data_apresentacao":"2025-08-07","tipo_apresentacao":"","data_publicacao":null,"numero_origem_externa":"","ano_origem_externa":null,"data_origem_externa":null,"apelido":"","dias_prazo":null,"data_fim_prazo":null,"em_tramitacao":true,"polemica":false,"objeto":"","complementar":false,"ementa":"D\u00e1 denomina\u00e7\u00e3o de Creche Municipal \u201cSENHORA LOURDES DE ASSIS FERREIRA\u201d a Unidade de Educa\u00e7\u00e3o Infantil localizada no bairro Ana Rita, neste Munic\u00edpio.","indexacao":"denomina\u00e7\u00e3o, Creche, Municipal, SENHORA, LOURDES, ASSIS, FERREIRA, Unidade, Educa\u00e7\u00e3o, Infantil, Ana, Rita","observacao":"","resultado":"","texto_original":"http://sapl.timoteo.mg.leg.br/media/sapl/public/materialegislativa/2025/9594/4.689_-_denominacao_creche_bairro_ana_rita.docx_1.pdf","data_ultima_atualizacao":"2025-09-02T14:12:07.962217-03:00","ip":"131.161.92.110","ultima_edicao":"2025-08-19T16:33:27.389123-03:00","tipo":1,"regime_tramitacao":1,"tipo_origem_externa":null,"local_origem_externa":null,"user":65,"anexadas":[],"autores":[21]}