{"id":9629,"__str__":"Projeto de Lei n\u00ba 4690 de 2025","link_detail_backend":"/materia/9629","metadata":{},"numero":4690,"ano":2025,"numero_protocolo":null,"data_apresentacao":"2025-08-21","tipo_apresentacao":"","data_publicacao":null,"numero_origem_externa":"","ano_origem_externa":null,"data_origem_externa":null,"apelido":"","dias_prazo":null,"data_fim_prazo":null,"em_tramitacao":true,"polemica":false,"objeto":"","complementar":false,"ementa":"Inclui no calend\u00e1rio oficial de eventos do Munic\u00edpio de Tim\u00f3teo o \u201cDia Municipal da S\u00edndrome de Down\u201d .","indexacao":"calend\u00e1rio, oficial, eventos, Munic\u00edpio, Tim\u00f3teo, Dia, Municipal, S\u00edndrome, Down","observacao":"","resultado":"","texto_original":"http://sapl.timoteo.mg.leg.br/media/sapl/public/materialegislativa/2025/9629/4.690_-_dia_municipal_da_sindrome_de_down.docx.pdf","data_ultima_atualizacao":"2025-09-16T15:48:11.764302-03:00","ip":"131.161.92.110","ultima_edicao":"2025-08-25T14:03:04.634207-03:00","tipo":1,"regime_tramitacao":1,"tipo_origem_externa":null,"local_origem_externa":null,"user":65,"anexadas":[],"autores":[186,244]}