{"id":9630,"__str__":"Projeto de Lei n\u00ba 4691 de 2025","link_detail_backend":"/materia/9630","metadata":{},"numero":4691,"ano":2025,"numero_protocolo":null,"data_apresentacao":"2025-08-21","tipo_apresentacao":"","data_publicacao":null,"numero_origem_externa":"","ano_origem_externa":null,"data_origem_externa":null,"apelido":"","dias_prazo":null,"data_fim_prazo":null,"em_tramitacao":true,"polemica":false,"objeto":"","complementar":false,"ementa":"Inclui no calend\u00e1rio oficial de eventos do Munic\u00edpio de Tim\u00f3teo a \u201cSemana Nacional da Pessoa com Defici\u00eancia Intelectual e M\u00faltipla\u201d.","indexacao":"Inclui, calend\u00e1rio, oficial, eventos, Munic\u00edpio, Tim\u00f3teo, Semana, Nacional, Pessoa, Defici\u00eancia, Intelectual, M\u00faltipla","observacao":"","resultado":"","texto_original":"http://sapl.timoteo.mg.leg.br/media/sapl/public/materialegislativa/2025/9630/4.691_-_semana_deficiencia_intelectual.docx.pdf","data_ultima_atualizacao":"2025-09-16T15:48:49.495062-03:00","ip":"131.161.92.110","ultima_edicao":"2025-08-25T14:16:52.592689-03:00","tipo":1,"regime_tramitacao":1,"tipo_origem_externa":null,"local_origem_externa":null,"user":65,"anexadas":[],"autores":[186,244]}