{"id":1492,"__str__":"Requerimento n\u00ba 37 de 2023 | Inclu\u00eddo na Ordem do Dia | 03/05/2023","link_detail_backend":"/materia/tramitacao/1492","metadata":{},"timestamp":"2023-05-03T13:59:06.341462-03:00","data_tramitacao":"2023-05-03","data_encaminhamento":"2023-05-18","urgente":false,"turno":"U","texto":"Vota\u00e7\u00e3o \u00fanica","data_fim_prazo":null,"ip":"131.161.92.110","ultima_edicao":"2023-05-18T11:22:52.890303-03:00","status":3,"materia":8349,"unidade_tramitacao_local":17,"unidade_tramitacao_destino":17,"user":65}