{"id":7702,"__str__":"Lei n\u00ba 4.003, de 09 de setembro de 2024","link_detail_backend":"/norma/7702","metadata":{},"texto_integral":"http://sapl.timoteo.mg.leg.br/media/sapl/public/normajuridica/2024/7702/4.003_-_prazo_validade_laudo.pdf","numero":"4003","ano":2024,"esfera_federacao":"M","data":"2024-09-09","data_publicacao":null,"veiculo_publicacao":"","pagina_inicio_publicacao":null,"pagina_fim_publicacao":null,"ementa":"Disp\u00f5e sobre o prazo de validade do laudo m\u00e9dico pericial que atesta o Transtorno do Espectro Autista (TEA), Mal de Alzheimer e Doen\u00e7a de Parkinson no Munic\u00edpio de Tim\u00f3teo.","indexacao":"prazo, validade, laudo, m\u00e9dico, pericial,  Transtorno, Espectro, Autista, (TEA), Mal, Alzheimer, Doen\u00e7a,  Parkinson","observacao":"","complemento":false,"data_vigencia":null,"timestamp":"2024-09-13T12:44:05.309799-03:00","data_ultima_atualizacao":"2024-09-13T12:44:05.389737-03:00","ip":"131.161.92.110","ultima_edicao":"2024-09-13T12:42:35.759350-03:00","tipo":1,"materia":9078,"orgao":null,"user":65,"assuntos":[],"autores":[]}