{"id":8016,"__str__":"Resolu\u00e7\u00e3o n\u00ba 478, de 22 de mar\u00e7o de 2025","link_detail_backend":"/norma/8016","metadata":{},"texto_integral":"http://sapl.timoteo.mg.leg.br/media/sapl/public/normajuridica/2025/8016/478_-_altera_anexo_iv_resolucao_366_-_gerente_ciac_e_procon.pdf","numero":"478","ano":2025,"esfera_federacao":"M","data":"2025-03-22","data_publicacao":null,"veiculo_publicacao":"","pagina_inicio_publicacao":null,"pagina_fim_publicacao":null,"ementa":"Altera o Anexo IV da Resolu\u00e7\u00e3o n\u00ba 366, de 23 de setembro de 2015, que \u201cDisp\u00f5e sobre o Quadro de Pessoal da C\u00e2mara Municipal de Tim\u00f3teo e d\u00e1 outras provid\u00eancias\u201d.","indexacao":"Altera, Anexo, Resolu\u00e7\u00e3o, Quadro, Pessoal,  C\u00e2mara, Municipal, Tim\u00f3teo","observacao":"","complemento":false,"data_vigencia":null,"timestamp":"2025-04-01T13:47:20.753948-03:00","data_ultima_atualizacao":"2025-04-01T13:47:20.849508-03:00","ip":"131.161.92.110","ultima_edicao":"2025-04-01T13:45:36.063894-03:00","tipo":4,"materia":null,"orgao":null,"user":65,"assuntos":[],"autores":[]}